{"id":2772,"date":"2024-08-13T12:50:35","date_gmt":"2024-08-13T10:50:35","guid":{"rendered":"https:\/\/nubi-desserts.fr\/?p=2772"},"modified":"2024-08-13T12:50:38","modified_gmt":"2024-08-13T10:50:38","slug":"sial-2024","status":"publish","type":"post","link":"https:\/\/nubi-desserts.fr\/index.php\/2024\/08\/13\/sial-2024\/","title":{"rendered":"Nubi au SIAL 2024 : Rejoignez-nous au Pavillon Hauts-de-France !"},"content":{"rendered":"\n<figure class=\"wp-block-image size-large is-resized\"><img fetchpriority=\"high\" decoding=\"async\" width=\"1024\" height=\"576\" src=\"http:\/\/nubi-desserts.fr\/wp-content\/uploads\/2024\/08\/1721131801605-1024x576.png\" alt=\"\" class=\"wp-image-2774\" style=\"width:880px;height:auto\" srcset=\"https:\/\/nubi-desserts.fr\/wp-content\/uploads\/2024\/08\/1721131801605-1024x576.png 1024w, https:\/\/nubi-desserts.fr\/wp-content\/uploads\/2024\/08\/1721131801605-300x169.png 300w, https:\/\/nubi-desserts.fr\/wp-content\/uploads\/2024\/08\/1721131801605-768x432.png 768w, https:\/\/nubi-desserts.fr\/wp-content\/uploads\/2024\/08\/1721131801605.png 1280w\" sizes=\"(max-width: 1024px) 100vw, 1024px\" \/><\/figure>\n\n\n\n<h3 class=\"wp-block-heading\">Nubi au SIAL 2024 : Rejoignez-nous au Pavillon Hauts-de-France !<\/h3>\n\n\n\n<p>Nous sommes ravis d&#8217;annoncer notre participation au SIAL 2024, le Salon International de l&#8217;Alimentation, qui se tiendra du 19 au 23 octobre 2024 \u00e0 Paris. Cet \u00e9v\u00e9nement majeur de l&#8217;industrie agroalimentaire est une occasion unique pour Nubi de pr\u00e9senter nos produits et innovations, et de rencontrer des acteurs cl\u00e9s du secteur venus des quatre coins du monde.<\/p>\n\n\n\n<h4 class=\"wp-block-heading\">Pourquoi le SIAL est un rendez-vous incontournable ?<\/h4>\n\n\n\n<p>Le SIAL Paris est le plus grand salon mondial de l&#8217;alimentation. Il rassemble des milliers d&#8217;exposants et de visiteurs internationaux, tous passionn\u00e9s par les tendances et les innovations alimentaires. Pour Nubi, c&#8217;est une opportunit\u00e9 exceptionnelle de partager notre vision de l&#8217;alimentation durable, de faire d\u00e9couvrir nos nouveaut\u00e9s, et de renforcer notre r\u00e9seau avec des professionnels partageant les m\u00eames valeurs.<\/p>\n\n\n\n<h4 class=\"wp-block-heading\">O\u00f9 nous trouver ?<\/h4>\n\n\n\n<p>Nous serons pr\u00e9sents dans le <strong>Pavillon Hauts-de-France<\/strong>, un espace d\u00e9di\u00e9 aux entreprises de notre r\u00e9gion, mettant en avant l&#8217;excellence et le dynamisme de l&#8217;industrie agroalimentaire du Nord. Ce pavillon est le reflet de notre attachement \u00e0 nos racines, et nous sommes fiers de repr\u00e9senter la cr\u00e9ativit\u00e9 et l&#8217;innovation des Hauts-de-France sur la sc\u00e8ne internationale.<\/p>\n\n\n\n<h4 class=\"wp-block-heading\">Ce que nous vous r\u00e9servons<\/h4>\n\n\n\n<p>Lors de cet \u00e9v\u00e9nement, Nubi pr\u00e9sentera ses derni\u00e8res innovations en mati\u00e8re d&#8217;alimentation saine et durable. Vous aurez l&#8217;occasion de d\u00e9couvrir en avant-premi\u00e8re nos nouveaux produits, con\u00e7us pour r\u00e9pondre aux attentes des consommateurs modernes en qu\u00eate de go\u00fbt, de qualit\u00e9 et de respect de l&#8217;environnement.<\/p>\n\n\n\n<p>De plus, notre \u00e9quipe sera disponible pour \u00e9changer avec vous sur nos projets, nos ambitions, et la mani\u00e8re dont nous pouvons collaborer pour construire l&#8217;avenir de l&#8217;alimentation. Que vous soyez un professionnel du secteur, un distributeur, ou simplement curieux d&#8217;en savoir plus sur notre marque, nous serons ravis de vous accueillir sur notre stand.<\/p>\n\n\n\n<h4 class=\"wp-block-heading\">Rejoignez-nous !<\/h4>\n\n\n\n<p>Ne manquez pas cette occasion de nous rencontrer au SIAL 2024. Que vous soyez d\u00e9j\u00e0 partenaire ou que vous souhaitiez en savoir plus sur ce que Nubi peut vous offrir, nous serons ravis de vous accueillir au Pavillon Hauts-de-France.<\/p>\n\n\n\n<p><strong>Dates<\/strong> : 19 au 23 octobre 2024<br><strong>Lieu<\/strong> : Paris Nord Villepinte &#8211; Pavillon Hauts-de-France<\/p>\n\n\n\n<p>Nous avons h\u00e2te de vous y retrouver et de partager avec vous notre passion pour l&#8217;alimentation de demain !<\/p>\n","protected":false},"excerpt":{"rendered":"<p>Nubi au SIAL 2024 : Rejoignez-nous au Pavillon Hauts-de-France ! Nous sommes ravis d&#8217;annoncer notre participation au SIAL 2024, le Salon International de l&#8217;Alimentation, qui se tiendra du 19 au 23 octobre 2024 \u00e0 Paris. Cet \u00e9v\u00e9nement majeur de l&#8217;industrie agroalimentaire est une occasion unique pour Nubi de pr\u00e9senter nos produits et innovations, et de rencontrer des acteurs cl\u00e9s du secteur venus des quatre coins du monde. Pourquoi le SIAL est un rendez-vous incontournable ? Le SIAL Paris est le plus grand salon mondial de l&#8217;alimentation. Il rassemble des milliers d&#8217;exposants et de visiteurs internationaux, tous passionn\u00e9s par les tendances et les innovations alimentaires. Pour Nubi, c&#8217;est une opportunit\u00e9 exceptionnelle de partager notre vision de l&#8217;alimentation durable, de faire d\u00e9couvrir nos nouveaut\u00e9s, et de renforcer notre r\u00e9seau avec des professionnels partageant les m\u00eames valeurs. O\u00f9 nous trouver ? Nous serons pr\u00e9sents dans le Pavillon Hauts-de-France, un espace d\u00e9di\u00e9 aux entreprises de notre r\u00e9gion, mettant en avant l&#8217;excellence et le dynamisme de l&#8217;industrie agroalimentaire du Nord. Ce pavillon est le reflet de notre attachement \u00e0 nos racines, et nous sommes fiers de repr\u00e9senter la cr\u00e9ativit\u00e9 et l&#8217;innovation des Hauts-de-France sur la sc\u00e8ne internationale. Ce que nous vous r\u00e9servons Lors de cet \u00e9v\u00e9nement, Nubi pr\u00e9sentera ses derni\u00e8res innovations en mati\u00e8re d&#8217;alimentation saine et durable. Vous aurez l&#8217;occasion de d\u00e9couvrir en avant-premi\u00e8re nos nouveaux produits, con\u00e7us pour r\u00e9pondre aux attentes des consommateurs modernes en qu\u00eate de go\u00fbt, de qualit\u00e9 et de respect de l&#8217;environnement. De plus, notre \u00e9quipe sera disponible pour \u00e9changer avec vous sur nos projets, nos ambitions, et la mani\u00e8re dont nous pouvons collaborer pour construire l&#8217;avenir de l&#8217;alimentation. Que vous soyez un professionnel du secteur, un distributeur, ou simplement curieux d&#8217;en savoir plus sur notre marque, nous serons ravis de vous accueillir sur notre stand. Rejoignez-nous ! Ne manquez pas cette occasion de nous rencontrer au SIAL 2024. Que vous soyez d\u00e9j\u00e0 partenaire ou que vous souhaitiez en savoir plus sur ce que Nubi peut vous offrir, nous serons ravis de vous accueillir au Pavillon Hauts-de-France. Dates : 19 au 23 octobre 2024Lieu : Paris Nord Villepinte &#8211; Pavillon Hauts-de-France Nous avons h\u00e2te de vous y retrouver et de partager avec vous notre passion pour l&#8217;alimentation de demain !<\/p>\n","protected":false},"author":1,"featured_media":2773,"comment_status":"open","ping_status":"open","sticky":false,"template":"","format":"standard","meta":{"footnotes":""},"categories":[27],"tags":[],"class_list":["post-2772","post","type-post","status-publish","format-standard","has-post-thumbnail","hentry","category-non-classe-it"],"yoast_head":"<!-- This site is optimized with the Yoast SEO plugin v24.3 - https:\/\/yoast.com\/wordpress\/plugins\/seo\/ -->\n<title>Nubi au SIAL 2024 : Rejoignez-nous au Pavillon Hauts-de-France ! - Nubi-desserts<\/title>\n<meta name=\"description\" content=\"Ravis d&#039;annoncer notre participation au SIAL 2024, le Salon International de l&#039;Alimentation, du 19 au 23 octobre 2024 \u00e0 Paris.\" \/>\n<meta name=\"robots\" content=\"index, follow, max-snippet:-1, max-image-preview:large, max-video-preview:-1\" \/>\n<link rel=\"canonical\" href=\"https:\/\/nubi-desserts.fr\/index.php\/2024\/08\/13\/sial-2024\/\" \/>\n<meta property=\"og:locale\" content=\"en_US\" \/>\n<meta property=\"og:type\" content=\"article\" \/>\n<meta property=\"og:title\" content=\"Nubi au SIAL 2024 : Rejoignez-nous au Pavillon Hauts-de-France ! - Nubi-desserts\" \/>\n<meta property=\"og:description\" content=\"Ravis d&#039;annoncer notre participation au SIAL 2024, le Salon International de l&#039;Alimentation, du 19 au 23 octobre 2024 \u00e0 Paris.\" \/>\n<meta property=\"og:url\" content=\"https:\/\/nubi-desserts.fr\/index.php\/2024\/08\/13\/sial-2024\/\" \/>\n<meta property=\"og:site_name\" content=\"Nubi-desserts\" \/>\n<meta property=\"article:published_time\" content=\"2024-08-13T10:50:35+00:00\" \/>\n<meta property=\"article:modified_time\" content=\"2024-08-13T10:50:38+00:00\" \/>\n<meta property=\"og:image\" content=\"http:\/\/nubi-desserts.fr\/wp-content\/uploads\/2024\/08\/00003FOUCHAMUYARDDHERINES-JPG-1.jpg\" \/>\n\t<meta property=\"og:image:width\" content=\"800\" \/>\n\t<meta property=\"og:image:height\" content=\"500\" \/>\n\t<meta property=\"og:image:type\" content=\"image\/jpeg\" \/>\n<meta name=\"author\" content=\"admin8688\" \/>\n<meta name=\"twitter:card\" content=\"summary_large_image\" \/>\n<meta name=\"twitter:label1\" content=\"Written by\" \/>\n\t<meta name=\"twitter:data1\" content=\"admin8688\" \/>\n\t<meta name=\"twitter:label2\" content=\"Est. reading time\" \/>\n\t<meta name=\"twitter:data2\" content=\"3 minutes\" \/>\n<script type=\"application\/ld+json\" class=\"yoast-schema-graph\">{\"@context\":\"https:\/\/schema.org\",\"@graph\":[{\"@type\":\"WebPage\",\"@id\":\"https:\/\/nubi-desserts.fr\/index.php\/2024\/08\/13\/sial-2024\/\",\"url\":\"https:\/\/nubi-desserts.fr\/index.php\/2024\/08\/13\/sial-2024\/\",\"name\":\"Nubi au SIAL 2024 : Rejoignez-nous au Pavillon Hauts-de-France ! - Nubi-desserts\",\"isPartOf\":{\"@id\":\"https:\/\/nubi-desserts.fr\/#website\"},\"primaryImageOfPage\":{\"@id\":\"https:\/\/nubi-desserts.fr\/index.php\/2024\/08\/13\/sial-2024\/#primaryimage\"},\"image\":{\"@id\":\"https:\/\/nubi-desserts.fr\/index.php\/2024\/08\/13\/sial-2024\/#primaryimage\"},\"thumbnailUrl\":\"https:\/\/nubi-desserts.fr\/wp-content\/uploads\/2024\/08\/00003FOUCHAMUYARDDHERINES-JPG-1.jpg\",\"datePublished\":\"2024-08-13T10:50:35+00:00\",\"dateModified\":\"2024-08-13T10:50:38+00:00\",\"author\":{\"@id\":\"https:\/\/nubi-desserts.fr\/#\/schema\/person\/ff77966e1d3811aec5a44d0f0de2bb2b\"},\"description\":\"Ravis d'annoncer notre participation au SIAL 2024, le Salon International de l'Alimentation, du 19 au 23 octobre 2024 \u00e0 Paris.\",\"breadcrumb\":{\"@id\":\"https:\/\/nubi-desserts.fr\/index.php\/2024\/08\/13\/sial-2024\/#breadcrumb\"},\"inLanguage\":\"en-US\",\"potentialAction\":[{\"@type\":\"ReadAction\",\"target\":[\"https:\/\/nubi-desserts.fr\/index.php\/2024\/08\/13\/sial-2024\/\"]}]},{\"@type\":\"ImageObject\",\"inLanguage\":\"en-US\",\"@id\":\"https:\/\/nubi-desserts.fr\/index.php\/2024\/08\/13\/sial-2024\/#primaryimage\",\"url\":\"https:\/\/nubi-desserts.fr\/wp-content\/uploads\/2024\/08\/00003FOUCHAMUYARDDHERINES-JPG-1.jpg\",\"contentUrl\":\"https:\/\/nubi-desserts.fr\/wp-content\/uploads\/2024\/08\/00003FOUCHAMUYARDDHERINES-JPG-1.jpg\",\"width\":800,\"height\":500},{\"@type\":\"BreadcrumbList\",\"@id\":\"https:\/\/nubi-desserts.fr\/index.php\/2024\/08\/13\/sial-2024\/#breadcrumb\",\"itemListElement\":[{\"@type\":\"ListItem\",\"position\":1,\"name\":\"Accueil\",\"item\":\"https:\/\/nubi-desserts.fr\/\"},{\"@type\":\"ListItem\",\"position\":2,\"name\":\"Nubi au SIAL 2024 : Rejoignez-nous au Pavillon Hauts-de-France !\"}]},{\"@type\":\"WebSite\",\"@id\":\"https:\/\/nubi-desserts.fr\/#website\",\"url\":\"https:\/\/nubi-desserts.fr\/\",\"name\":\"Nubi-desserts\",\"description\":\"Nubi fournisseur de plaisirs\",\"potentialAction\":[{\"@type\":\"SearchAction\",\"target\":{\"@type\":\"EntryPoint\",\"urlTemplate\":\"https:\/\/nubi-desserts.fr\/?s={search_term_string}\"},\"query-input\":{\"@type\":\"PropertyValueSpecification\",\"valueRequired\":true,\"valueName\":\"search_term_string\"}}],\"inLanguage\":\"en-US\"},{\"@type\":\"Person\",\"@id\":\"https:\/\/nubi-desserts.fr\/#\/schema\/person\/ff77966e1d3811aec5a44d0f0de2bb2b\",\"name\":\"admin8688\",\"image\":{\"@type\":\"ImageObject\",\"inLanguage\":\"en-US\",\"@id\":\"https:\/\/nubi-desserts.fr\/#\/schema\/person\/image\/\",\"url\":\"https:\/\/secure.gravatar.com\/avatar\/eab83b6272fb0c6860e75d43172250773ecaa8e7973d1b5b3fb6b04debf5f263?s=96&d=mm&r=g\",\"contentUrl\":\"https:\/\/secure.gravatar.com\/avatar\/eab83b6272fb0c6860e75d43172250773ecaa8e7973d1b5b3fb6b04debf5f263?s=96&d=mm&r=g\",\"caption\":\"admin8688\"},\"sameAs\":[\"http:\/\/nubi-desserts.fr\"],\"url\":\"https:\/\/nubi-desserts.fr\/index.php\/author\/admin8688\/\"}]}<\/script>\n<!-- \/ Yoast SEO plugin. -->","yoast_head_json":{"title":"Nubi au SIAL 2024 : Rejoignez-nous au Pavillon Hauts-de-France ! - Nubi-desserts","description":"Ravis d'annoncer notre participation au SIAL 2024, le Salon International de l'Alimentation, du 19 au 23 octobre 2024 \u00e0 Paris.","robots":{"index":"index","follow":"follow","max-snippet":"max-snippet:-1","max-image-preview":"max-image-preview:large","max-video-preview":"max-video-preview:-1"},"canonical":"https:\/\/nubi-desserts.fr\/index.php\/2024\/08\/13\/sial-2024\/","og_locale":"en_US","og_type":"article","og_title":"Nubi au SIAL 2024 : Rejoignez-nous au Pavillon Hauts-de-France ! - Nubi-desserts","og_description":"Ravis d'annoncer notre participation au SIAL 2024, le Salon International de l'Alimentation, du 19 au 23 octobre 2024 \u00e0 Paris.","og_url":"https:\/\/nubi-desserts.fr\/index.php\/2024\/08\/13\/sial-2024\/","og_site_name":"Nubi-desserts","article_published_time":"2024-08-13T10:50:35+00:00","article_modified_time":"2024-08-13T10:50:38+00:00","og_image":[{"width":800,"height":500,"url":"http:\/\/nubi-desserts.fr\/wp-content\/uploads\/2024\/08\/00003FOUCHAMUYARDDHERINES-JPG-1.jpg","type":"image\/jpeg"}],"author":"admin8688","twitter_card":"summary_large_image","twitter_misc":{"Written by":"admin8688","Est. reading time":"3 minutes"},"schema":{"@context":"https:\/\/schema.org","@graph":[{"@type":"WebPage","@id":"https:\/\/nubi-desserts.fr\/index.php\/2024\/08\/13\/sial-2024\/","url":"https:\/\/nubi-desserts.fr\/index.php\/2024\/08\/13\/sial-2024\/","name":"Nubi au SIAL 2024 : Rejoignez-nous au Pavillon Hauts-de-France ! - Nubi-desserts","isPartOf":{"@id":"https:\/\/nubi-desserts.fr\/#website"},"primaryImageOfPage":{"@id":"https:\/\/nubi-desserts.fr\/index.php\/2024\/08\/13\/sial-2024\/#primaryimage"},"image":{"@id":"https:\/\/nubi-desserts.fr\/index.php\/2024\/08\/13\/sial-2024\/#primaryimage"},"thumbnailUrl":"https:\/\/nubi-desserts.fr\/wp-content\/uploads\/2024\/08\/00003FOUCHAMUYARDDHERINES-JPG-1.jpg","datePublished":"2024-08-13T10:50:35+00:00","dateModified":"2024-08-13T10:50:38+00:00","author":{"@id":"https:\/\/nubi-desserts.fr\/#\/schema\/person\/ff77966e1d3811aec5a44d0f0de2bb2b"},"description":"Ravis d'annoncer notre participation au SIAL 2024, le Salon International de l'Alimentation, du 19 au 23 octobre 2024 \u00e0 Paris.","breadcrumb":{"@id":"https:\/\/nubi-desserts.fr\/index.php\/2024\/08\/13\/sial-2024\/#breadcrumb"},"inLanguage":"en-US","potentialAction":[{"@type":"ReadAction","target":["https:\/\/nubi-desserts.fr\/index.php\/2024\/08\/13\/sial-2024\/"]}]},{"@type":"ImageObject","inLanguage":"en-US","@id":"https:\/\/nubi-desserts.fr\/index.php\/2024\/08\/13\/sial-2024\/#primaryimage","url":"https:\/\/nubi-desserts.fr\/wp-content\/uploads\/2024\/08\/00003FOUCHAMUYARDDHERINES-JPG-1.jpg","contentUrl":"https:\/\/nubi-desserts.fr\/wp-content\/uploads\/2024\/08\/00003FOUCHAMUYARDDHERINES-JPG-1.jpg","width":800,"height":500},{"@type":"BreadcrumbList","@id":"https:\/\/nubi-desserts.fr\/index.php\/2024\/08\/13\/sial-2024\/#breadcrumb","itemListElement":[{"@type":"ListItem","position":1,"name":"Accueil","item":"https:\/\/nubi-desserts.fr\/"},{"@type":"ListItem","position":2,"name":"Nubi au SIAL 2024 : Rejoignez-nous au Pavillon Hauts-de-France !"}]},{"@type":"WebSite","@id":"https:\/\/nubi-desserts.fr\/#website","url":"https:\/\/nubi-desserts.fr\/","name":"Nubi-desserts","description":"Nubi fournisseur de plaisirs","potentialAction":[{"@type":"SearchAction","target":{"@type":"EntryPoint","urlTemplate":"https:\/\/nubi-desserts.fr\/?s={search_term_string}"},"query-input":{"@type":"PropertyValueSpecification","valueRequired":true,"valueName":"search_term_string"}}],"inLanguage":"en-US"},{"@type":"Person","@id":"https:\/\/nubi-desserts.fr\/#\/schema\/person\/ff77966e1d3811aec5a44d0f0de2bb2b","name":"admin8688","image":{"@type":"ImageObject","inLanguage":"en-US","@id":"https:\/\/nubi-desserts.fr\/#\/schema\/person\/image\/","url":"https:\/\/secure.gravatar.com\/avatar\/eab83b6272fb0c6860e75d43172250773ecaa8e7973d1b5b3fb6b04debf5f263?s=96&d=mm&r=g","contentUrl":"https:\/\/secure.gravatar.com\/avatar\/eab83b6272fb0c6860e75d43172250773ecaa8e7973d1b5b3fb6b04debf5f263?s=96&d=mm&r=g","caption":"admin8688"},"sameAs":["http:\/\/nubi-desserts.fr"],"url":"https:\/\/nubi-desserts.fr\/index.php\/author\/admin8688\/"}]}},"_links":{"self":[{"href":"https:\/\/nubi-desserts.fr\/index.php\/wp-json\/wp\/v2\/posts\/2772","targetHints":{"allow":["GET"]}}],"collection":[{"href":"https:\/\/nubi-desserts.fr\/index.php\/wp-json\/wp\/v2\/posts"}],"about":[{"href":"https:\/\/nubi-desserts.fr\/index.php\/wp-json\/wp\/v2\/types\/post"}],"author":[{"embeddable":true,"href":"https:\/\/nubi-desserts.fr\/index.php\/wp-json\/wp\/v2\/users\/1"}],"replies":[{"embeddable":true,"href":"https:\/\/nubi-desserts.fr\/index.php\/wp-json\/wp\/v2\/comments?post=2772"}],"version-history":[{"count":1,"href":"https:\/\/nubi-desserts.fr\/index.php\/wp-json\/wp\/v2\/posts\/2772\/revisions"}],"predecessor-version":[{"id":2775,"href":"https:\/\/nubi-desserts.fr\/index.php\/wp-json\/wp\/v2\/posts\/2772\/revisions\/2775"}],"wp:featuredmedia":[{"embeddable":true,"href":"https:\/\/nubi-desserts.fr\/index.php\/wp-json\/wp\/v2\/media\/2773"}],"wp:attachment":[{"href":"https:\/\/nubi-desserts.fr\/index.php\/wp-json\/wp\/v2\/media?parent=2772"}],"wp:term":[{"taxonomy":"category","embeddable":true,"href":"https:\/\/nubi-desserts.fr\/index.php\/wp-json\/wp\/v2\/categories?post=2772"},{"taxonomy":"post_tag","embeddable":true,"href":"https:\/\/nubi-desserts.fr\/index.php\/wp-json\/wp\/v2\/tags?post=2772"}],"curies":[{"name":"wp","href":"https:\/\/api.w.org\/{rel}","templated":true}]}}